[{"@context":"https:\/\/schema.org\/","@type":"Article","@id":"https:\/\/www.intelmarketing.cz\/destnik-jako-reklama\/#Article","mainEntityOfPage":"https:\/\/www.intelmarketing.cz\/destnik-jako-reklama\/","headline":"De\u0161tn\u00edk jako reklama","name":"De\u0161tn\u00edk jako reklama","description":"V\u0161ichni v\u00edme, \u017ee kdy\u017e nast\u00e1v\u00e1 podzim, tak je potom opravdu \u0161kared\u00e9 po\u010das\u00ed. Nen\u00ed to samoz\u0159ejm\u011b podm\u00ednka. V\u011bt\u0161inou ale b\u00fdv\u00e1 hodn\u011b de\u0161tivo. A tak nen\u00ed divu, \u017ee ka\u017ed\u00fd v\u011bt\u0161inou nos\u00ed u sebe tak\u00e9 de\u0161tn\u00edk. A pokud t\u0159eba m\u00e1te n\u011bjakou firmu a chcete reklamu, tak si mysl\u00edm, \u017ee de\u0161tn\u00edk jako reklamn\u00ed p\u0159edm\u011bt bude opravdu vhodn\u00e1 volba. Reklamn\u00ed [&hellip;]","datePublished":"2024-08-05","dateModified":"2024-08-05","author":{"@type":"Person","@id":"https:\/\/www.intelmarketing.cz\/author\/#Person","name":"intelmarketing.cz\n","url":"https:\/\/www.intelmarketing.cz\/author\/","identifier":1,"image":{"@type":"ImageObject","@id":"https:\/\/secure.gravatar.com\/avatar\/4c8347e48acde4b8838164e4b1c9b1c2409c44aff1922a8b9d7dd631b9ae52bb?s=96&d=mm&r=g","url":"https:\/\/secure.gravatar.com\/avatar\/4c8347e48acde4b8838164e4b1c9b1c2409c44aff1922a8b9d7dd631b9ae52bb?s=96&d=mm&r=g","height":96,"width":96}},"publisher":{"@type":"Organization","name":"intelmarketing.cz","logo":{"@type":"ImageObject","@id":"\/logo.png","url":"\/logo.png","width":600,"height":60}},"image":{"@type":"ImageObject","@id":"https:\/\/www.intelmarketing.cz\/wp-content\/uploads\/puddle-2863648_1280.jpg","url":"https:\/\/www.intelmarketing.cz\/wp-content\/uploads\/puddle-2863648_1280.jpg","height":0,"width":0},"url":"https:\/\/www.intelmarketing.cz\/destnik-jako-reklama\/","wordCount":409,"articleBody":"   V\u0161ichni v\u00edme, \u017ee kdy\u017e nast\u00e1v\u00e1 podzim, tak je potom opravdu \u0161kared\u00e9 po\u010das\u00ed. Nen\u00ed to samoz\u0159ejm\u011b podm\u00ednka. V\u011bt\u0161inou ale b\u00fdv\u00e1 hodn\u011b de\u0161tivo. A tak nen\u00ed divu, \u017ee ka\u017ed\u00fd v\u011bt\u0161inou nos\u00ed u sebe tak\u00e9 de\u0161tn\u00edk. A pokud t\u0159eba m\u00e1te n\u011bjakou firmu a chcete reklamu, tak si mysl\u00edm, \u017ee de\u0161tn\u00edk jako reklamn\u00ed p\u0159edm\u011bt bude opravdu vhodn\u00e1 volba. Reklamn\u00ed de\u0161tn\u00edky nap\u0159\u00edklad m\u016f\u017eete sehnat na webov\u00e9 str\u00e1nce promodarky.cz. Jsou tam i jin\u00e9 reklamn\u00ed p\u0159edm\u011bty ne\u017e jenom reklamn\u00ed de\u0161tn\u00edky. Jinak j\u00e1 sama jsem si \u0159ekla, \u017ee kdybych m\u011bla firmu, tak bych ur\u010dit\u011b cht\u011bla reklamn\u00ed \u010depice a potom tak\u00e9 reklamn\u00ed de\u0161tn\u00edky. S t\u00edm rozhodn\u011b nic nezkaz\u00edte. Nav\u00edc ka\u017ed\u00e1 firma by m\u011bla m\u00edt opravdu kvalitn\u00ed reklamu. N\u011bco, aby pr\u00e1v\u011b firmu reprezentovalo. A \u0159ekla jsem si, \u017ee kdybyste m\u011bli n\u011bjak\u00fd firemn\u00ed ve\u010d\u00edrek, tak tam byste mohli rozd\u00e1vat reklamn\u00ed p\u0159edm\u011bty. V tomto p\u0159\u00edpad\u011b nap\u0159\u00edklad reklamn\u00ed de\u0161tn\u00edky. A pokud byste m\u011bli t\u0159eba n\u011bjakou akci na podzim, tak pr\u00e1v\u011b reklamn\u00ed de\u0161tn\u00edky by se hodily je\u0161t\u011b v\u00edce. \u017de by to nav\u00edc bylo i takov\u00e9 tematick\u00e9. Jinak jako reklamn\u00ed p\u0159edm\u011bty m\u016f\u017eete m\u00edt i hrn\u00ed\u010dky nebo k\u0161iltovky \u010di tak\u00e9 n\u011bjak\u00e9 jin\u00e9 p\u0159edm\u011bty. Nebo jak\u00e9 reklamn\u00ed p\u0159edm\u011bty by se v\u00e1m nejv\u00edce l\u00edbily?Neud\u011bl\u00e1te chybu, kdy\u017e si nech\u00e1te ud\u011blat reklamn\u00ed hrne\u010dky nebo pr\u00e1v\u011b zm\u00edn\u011bn\u00e9 reklamn\u00ed de\u0161tn\u00edky. No mysl\u00edm si, \u017ee reklamn\u00ed de\u0161tn\u00edk by ocenil jist\u011b ka\u017ed\u00fd, proto\u017ee \u0161patn\u00e9 po\u010das\u00ed bude opravdu nast\u00e1lo. Nikdy neza\u017eijeme, \u017ee by t\u0159eba rok v kuse bylo opravdu kr\u00e1sn\u00e9, bezde\u0161tn\u00e9 po\u010das\u00ed. V\u017edycky bude n\u011bkdy \u0161kared\u00e9. Po\u010das\u00ed nikdy nebude u\u017e nepr\u0161et. J\u00e1 sama jsem si \u0159ekla, \u017ee kdybych d\u011blala reklamn\u00ed p\u0159edm\u011bty, tak bych si na reklamn\u00ed de\u0161tn\u00edk dala logo a tak\u00e9 telefonn\u00ed \u010d\u00edslo. Nebo n\u011bjak\u00fd kr\u00e1sn\u00fd obr\u00e1zek? Logo firmy? Nebo co byste si dali na reklamn\u00ed de\u0161tn\u00edk vy? Zkou\u0161eli byste experimentovat? Nebo byste si najali n\u011bjakou firmu, kter\u00e1 se v\u00e1m postar\u00e1 o reklamu?                                                                                                                                                                                                                                                                                                                                                                                           4.3\/5 - (43 votes)        "},{"@context":"https:\/\/schema.org\/","@type":"BreadcrumbList","itemListElement":[{"@type":"ListItem","position":1,"name":"De\u0161tn\u00edk jako reklama","item":"https:\/\/www.intelmarketing.cz\/destnik-jako-reklama\/#breadcrumbitem"}]}]